{"id":62,"date":"2017-01-05T11:00:22","date_gmt":"2017-01-05T10:00:22","guid":{"rendered":"http:\/\/adric-interculturel.com\/citoyennete\/?p=62"},"modified":"2017-01-05T13:57:19","modified_gmt":"2017-01-05T12:57:19","slug":"composition-du-comite-de-pilotage-lyonnais","status":"publish","type":"post","link":"https:\/\/adric-interculturel.com\/citoyennete\/composition-du-comite-de-pilotage-lyonnais-62\/","title":{"rendered":"Composition du comit\u00e9 de pilotage lyonnais"},"content":{"rendered":"<p>Le comit\u00e9 de pilotage s\u2019est compos\u00e9 de professionnel-le-s appartenant \u00e0 des\u00a0structures \u00e9tatiques, municipales et associatives :<\/p>\n<p>\u2022 <strong>Marie-Anne BERNARD<\/strong>, Coordinatrice du P\u00f4le Accompagnement de <a href=\"http:\/\/www.mirly-solidarite.org\" target=\"_blank\">Mirly\u00a0Solidarit\u00e9<\/a><br \/>\n\u2022 <strong>Marie BURDIN<\/strong>, Coordinatrice des projets culturels et des activit\u00e9s, <a href=\"https:\/\/mjcduchere.fr\" target=\"_blank\">Maison\u00a0des jeunes et de la culture (MJC) de la Duch\u00e8re<\/a><br \/>\n\u2022 <strong>Sa\u00efda CHOUG-ZAIM<\/strong>, D\u00e9l\u00e9gu\u00e9e Territoriale Rh\u00f4ne-Alpes, Association service\u00a0social familial migrants (<a href=\"http:\/\/www.assfam.org\" target=\"_blank\">ASSFAM<\/a>)<br \/>\n\u2022 <strong>Jacqueline COSTA-LASCOUX<\/strong>, CNRS, Agence de d\u00e9veloppement des\u00a0relations interculturelles pour la citoyennet\u00e9 (<a href=\"http:\/\/adric.eu\" target=\"_blank\">ADRIC<\/a>)<br \/>\n\u2022 <strong>Laurent DECOURSELLE<\/strong>, D\u00e9l\u00e9gu\u00e9 du Pr\u00e9fet, en charge des quartiers\u00a0prioritaires du 9e arrondissement de Lyon, <a href=\"http:\/\/www.rhone.gouv.fr\" target=\"_blank\">Pr\u00e9fecture du Rh\u00f4ne<\/a><br \/>\n\u2022 <strong>Virginie DESSEIGNES<\/strong>, Centre d\u2019information des droits des femmes et des\u00a0familles Rh\u00f4ne (<a href=\"http:\/\/www.cidff69.fr\" target=\"_blank\">CIDFF<\/a>)<br \/>\n\u2022 <strong>Karim DJAVED<\/strong>, Directeur de <a href=\"http:\/\/www.mirly-solidarite.org\" target=\"_blank\">Mirly Solidarit\u00e9<\/a><br \/>\n\u2022 <strong>Mauricio ESPINOSA BARRY<\/strong>, D\u00e9l\u00e9gu\u00e9 du pr\u00e9fet, <a href=\"http:\/\/www.rhone.gouv.fr\" target=\"_blank\">Pr\u00e9fecture du Rh\u00f4ne<\/a><br \/>\n\u2022 <strong>Anne FARGIER AMAOUZ<\/strong>, Directrice adjointe, <a href=\"http:\/\/www.missions-locales.org\" target=\"_blank\">Mission Locale de Lyon 3e<\/a><br \/>\n\u2022 <strong>St\u00e9phane FORT<\/strong>, Directeur de l\u2019<a href=\"http:\/\/adric.eu\" target=\"_blank\">ADRIC<\/a><br \/>\n\u2022 <strong>Catherine HERANNEY<\/strong>, Directrice du <a href=\"http:\/\/www.cidff69.fr\" target=\"_blank\">CIDFF Rh\u00f4ne<\/a><br \/>\n\u2022 <strong>Rapha\u00e8le HUGOT<\/strong>, D\u00e9l\u00e9gu\u00e9e adjointe \u00e0 la d\u00e9l\u00e9gation r\u00e9gionale aux droits des\u00a0femmes et \u00e0 l\u2019\u00e9galit\u00e9 (<a href=\"http:\/\/www.rhone.gouv.fr\/Politiques-publiques\/Droit-des-femmes-et-egalite\/Presentation-de-la-DRDFE\/Les-missions-de-la-DRDFE\" target=\"_blank\">DRDFE<\/a>)<br \/>\n\u2022 <strong>Marion LAGIER<\/strong>, Directrice du <a href=\"http:\/\/www.cidff69.fr\" target=\"_blank\">CIDFF Rh\u00f4ne<\/a><br \/>\n\u2022 <strong>Fatima LALEM<\/strong>, <a href=\"http:\/\/adric.eu\" target=\"_blank\">ADRIC<\/a><br \/>\n\u2022 <strong>Gwendoline LEFEBVRE<\/strong>, Adjointe au Maire du <a href=\"http:\/\/www.mairie9.lyon.fr\" target=\"_blank\">9e arrondissement de Lyon<\/a><br \/>\n\u2022 <strong>R\u00e9my LEFLOCH<\/strong> (repr\u00e9sent\u00e9 par <strong>Guillaume PELE<\/strong>), Charg\u00e9 de mission \u00e0\u00a0la <a href=\"http:\/\/www.lyon.fr\/\" target=\"_blank\">Mairie de Lyon<\/a><br \/>\n\u2022 <strong>Denise MARGERY<\/strong>, Pr\u00e9sidente de <a href=\"http:\/\/femmessolidaires-rhone.blogspot.fr\" target=\"_blank\">Femmes Solidaires du Rh\u00f4ne<\/a><br \/>\n\u2022 <strong>Maud MOLLOY<\/strong>, <a href=\"http:\/\/www.cidff69.fr\" target=\"_blank\">CIDFF Rh\u00f4ne<\/a><br \/>\n\u2022 <strong>R\u00e9gis NIEMCZYK<\/strong>, Directeur adjoint, <a href=\"http:\/\/www.missions-locales.org\" target=\"_blank\">Mission locale de Lyon 5e et 9e<\/a><br \/>\n\u2022 <strong>Claire-Lise NIERMARECHAL<\/strong>, Charg\u00e9e de mission \u00e0 la <a href=\"http:\/\/www.lyon.fr\/\" target=\"_blank\">Mairie de Lyon<\/a><br \/>\n\u2022 <strong>Th\u00e9r\u00e8se RABATEL<\/strong>, Adjointe au <a href=\"http:\/\/www.lyon.fr\/\" target=\"_blank\">Maire de Lyon<\/a>, d\u00e9l\u00e9gu\u00e9e \u00e0 l\u2019\u00e9galit\u00e9 femmes-hommes\u00a0et aux personnes en situation de handicap<br \/>\n\u2022 <strong>Brigitte RISCHMANN<\/strong>, <a href=\"https:\/\/mjcduchere.fr\" target=\"_blank\">MJC de la Duch\u00e8re<\/a><br \/>\n\u2022 <strong>Jo\u00ebl ROCHAT<\/strong>, Administrateur \u00e0 <a href=\"http:\/\/www.mirly-solidarite.org\" target=\"_blank\">Mirly Solidarit\u00e9<\/a><br \/>\n\u2022 <strong>Virginie SANZ<\/strong>, Charg\u00e9e de mission \u00e0 la <a href=\"http:\/\/www.rhone.gouv.fr\/Politiques-publiques\/Droit-des-femmes-et-egalite\/Presentation-de-la-DRDFE\/Les-missions-de-la-DRDFE\" target=\"_blank\">DRDFE<\/a><br \/>\n\u2022 <strong>Laure TERPREAU<\/strong>, <a href=\"http:\/\/www.cidff69.fr\" target=\"_blank\">CIDFF Rh\u00f4ne<\/a><\/p>\n","protected":false},"excerpt":{"rendered":"<p>Le comit\u00e9 de pilotage s\u2019est compos\u00e9 de professionnel-le-s appartenant \u00e0 des\u00a0structures \u00e9tatiques, municipales et associatives : \u2022 Marie-Anne BERNARD, Coordinatrice du P\u00f4le Accompagnement de Mirly\u00a0Solidarit\u00e9 \u2022 Marie BURDIN, Coordinatrice des projets culturels et des activit\u00e9s, Maison\u00a0des jeunes et de la culture (MJC) de la Duch\u00e8re \u2022 Sa\u00efda CHOUG-ZAIM, D\u00e9l\u00e9gu\u00e9e Territoriale Rh\u00f4ne-Alpes, Association service\u00a0social familial migrants [&hellip;]<\/p>\n","protected":false},"author":1,"featured_media":72,"comment_status":"closed","ping_status":"open","sticky":false,"template":"","format":"standard","meta":{"_monsterinsights_skip_tracking":false,"_monsterinsights_sitenote_active":false,"_monsterinsights_sitenote_note":"","_monsterinsights_sitenote_category":0},"categories":[10],"tags":[],"_links":{"self":[{"href":"https:\/\/adric-interculturel.com\/citoyennete\/wp-json\/wp\/v2\/posts\/62"}],"collection":[{"href":"https:\/\/adric-interculturel.com\/citoyennete\/wp-json\/wp\/v2\/posts"}],"about":[{"href":"https:\/\/adric-interculturel.com\/citoyennete\/wp-json\/wp\/v2\/types\/post"}],"author":[{"embeddable":true,"href":"https:\/\/adric-interculturel.com\/citoyennete\/wp-json\/wp\/v2\/users\/1"}],"replies":[{"embeddable":true,"href":"https:\/\/adric-interculturel.com\/citoyennete\/wp-json\/wp\/v2\/comments?post=62"}],"version-history":[{"count":4,"href":"https:\/\/adric-interculturel.com\/citoyennete\/wp-json\/wp\/v2\/posts\/62\/revisions"}],"predecessor-version":[{"id":74,"href":"https:\/\/adric-interculturel.com\/citoyennete\/wp-json\/wp\/v2\/posts\/62\/revisions\/74"}],"wp:featuredmedia":[{"embeddable":true,"href":"https:\/\/adric-interculturel.com\/citoyennete\/wp-json\/wp\/v2\/media\/72"}],"wp:attachment":[{"href":"https:\/\/adric-interculturel.com\/citoyennete\/wp-json\/wp\/v2\/media?parent=62"}],"wp:term":[{"taxonomy":"category","embeddable":true,"href":"https:\/\/adric-interculturel.com\/citoyennete\/wp-json\/wp\/v2\/categories?post=62"},{"taxonomy":"post_tag","embeddable":true,"href":"https:\/\/adric-interculturel.com\/citoyennete\/wp-json\/wp\/v2\/tags?post=62"}],"curies":[{"name":"wp","href":"https:\/\/api.w.org\/{rel}","templated":true}]}}