{"id":81,"date":"2017-01-05T10:45:12","date_gmt":"2017-01-05T09:45:12","guid":{"rendered":"http:\/\/adric-interculturel.com\/citoyennete\/?p=81"},"modified":"2017-01-05T14:39:50","modified_gmt":"2017-01-05T13:39:50","slug":"role-de-ladric","status":"publish","type":"post","link":"https:\/\/adric-interculturel.com\/citoyennete\/role-de-ladric-81\/","title":{"rendered":"R\u00f4le de l&#8217;ADRIC"},"content":{"rendered":"<p><strong>Chahla Beski-Chafiq<\/strong> a conceptualis\u00e9 le projet et son cadrage m\u00e9thodologique.<\/p>\n<p><strong>Jacqueline Costa-Lascoux<\/strong> et <strong>Fatima Lalem<\/strong> ont anim\u00e9 le <strong>comit\u00e9 de pilotage lyonnais<\/strong>,\u00a0assur\u00e9 le suivi p\u00e9dagogique des r\u00e9unions et du s\u00e9minaire final, et contribu\u00e9\u00a0\u00e0 la capitalisation des acquis.<\/p>\n<p><strong>Chahla Beski-Chafiq<\/strong> \u00a0a\u00a0anim\u00e9 le <strong>comit\u00e9 de pilotage parisien<\/strong> et le s\u00e9minaire final,\u00a0assur\u00e9 le suivi p\u00e9dagogique des r\u00e9unions et du s\u00e9minaire final, et capitalis\u00e9 les acquis pour soutenir l&#8217;\u00e9volution du projet.<\/p>\n<p><strong>St\u00e9phane Fort<\/strong> a coordonn\u00e9 la mise en oeuvre du projet.<\/p>\n<p><strong>Sarah Le Goff<\/strong> a assur\u00e9 les comptes-rendus des r\u00e9unions parisiennes.<\/p>\n<p><strong>Clara Domingues<\/strong> a r\u00e9alis\u00e9 les livrets pr\u00e9sentant les acquis du projet, ainsi que ce site.<\/p>\n","protected":false},"excerpt":{"rendered":"<p>Chahla Beski-Chafiq a conceptualis\u00e9 le projet et son cadrage m\u00e9thodologique. Jacqueline Costa-Lascoux et Fatima Lalem ont anim\u00e9 le comit\u00e9 de pilotage lyonnais,\u00a0assur\u00e9 le suivi p\u00e9dagogique des r\u00e9unions et du s\u00e9minaire final, et contribu\u00e9\u00a0\u00e0 la capitalisation des acquis. Chahla Beski-Chafiq \u00a0a\u00a0anim\u00e9 le comit\u00e9 de pilotage parisien et le s\u00e9minaire final,\u00a0assur\u00e9 le suivi p\u00e9dagogique des r\u00e9unions et [&hellip;]<\/p>\n","protected":false},"author":1,"featured_media":82,"comment_status":"closed","ping_status":"open","sticky":false,"template":"","format":"standard","meta":{"_monsterinsights_skip_tracking":false,"_monsterinsights_sitenote_active":false,"_monsterinsights_sitenote_note":"","_monsterinsights_sitenote_category":0},"categories":[10],"tags":[],"_links":{"self":[{"href":"https:\/\/adric-interculturel.com\/citoyennete\/wp-json\/wp\/v2\/posts\/81"}],"collection":[{"href":"https:\/\/adric-interculturel.com\/citoyennete\/wp-json\/wp\/v2\/posts"}],"about":[{"href":"https:\/\/adric-interculturel.com\/citoyennete\/wp-json\/wp\/v2\/types\/post"}],"author":[{"embeddable":true,"href":"https:\/\/adric-interculturel.com\/citoyennete\/wp-json\/wp\/v2\/users\/1"}],"replies":[{"embeddable":true,"href":"https:\/\/adric-interculturel.com\/citoyennete\/wp-json\/wp\/v2\/comments?post=81"}],"version-history":[{"count":1,"href":"https:\/\/adric-interculturel.com\/citoyennete\/wp-json\/wp\/v2\/posts\/81\/revisions"}],"predecessor-version":[{"id":83,"href":"https:\/\/adric-interculturel.com\/citoyennete\/wp-json\/wp\/v2\/posts\/81\/revisions\/83"}],"wp:featuredmedia":[{"embeddable":true,"href":"https:\/\/adric-interculturel.com\/citoyennete\/wp-json\/wp\/v2\/media\/82"}],"wp:attachment":[{"href":"https:\/\/adric-interculturel.com\/citoyennete\/wp-json\/wp\/v2\/media?parent=81"}],"wp:term":[{"taxonomy":"category","embeddable":true,"href":"https:\/\/adric-interculturel.com\/citoyennete\/wp-json\/wp\/v2\/categories?post=81"},{"taxonomy":"post_tag","embeddable":true,"href":"https:\/\/adric-interculturel.com\/citoyennete\/wp-json\/wp\/v2\/tags?post=81"}],"curies":[{"name":"wp","href":"https:\/\/api.w.org\/{rel}","templated":true}]}}