{"id":196,"date":"2019-03-05T09:00:24","date_gmt":"2019-03-05T08:00:24","guid":{"rendered":"http:\/\/adric-interculturel.com\/discriminations\/?p=196"},"modified":"2025-08-06T15:05:06","modified_gmt":"2025-08-06T13:05:06","slug":"une-realite-qui-tranche-avec-les-idees-recues","status":"publish","type":"post","link":"https:\/\/adric-interculturel.com\/discriminations\/une-realite-qui-tranche-avec-les-idees-recues\/","title":{"rendered":"Une r\u00e9alit\u00e9 qui tranche avec les id\u00e9es re\u00e7ues"},"content":{"rendered":"<div id=\"pl-196\"  class=\"panel-layout\" ><div id=\"pg-196-0\"  class=\"panel-grid panel-no-style\" ><div id=\"pgc-196-0-0\"  class=\"panel-grid-cell\" ><div id=\"panel-196-0-0-0\" class=\"so-panel widget widget_sow-editor panel-first-child panel-last-child\" data-index=\"0\" ><div\n\t\t\t\n\t\t\tclass=\"so-widget-sow-editor so-widget-sow-editor-base\"\n\t\t\t\n\t\t>\n<div class=\"siteorigin-widget-tinymce textwidget\">\n\t<p>Dans les images-types des personnes immigr\u00e9es, on a l\u2019homme immigr\u00e9 vu comme un travailleur et la femme immigr\u00e9e plut\u00f4t vue comme une \u00e9pouse ou une m\u00e8re. La r\u00e9alit\u00e9, beaucoup plus complexe, s\u2019\u00e9loigne de ces images. En effet, depuis la fin des ann\u00e9es 1990, les femmes repr\u00e9sentent la moiti\u00e9 de la population immigr\u00e9e\u00a0; et elles ont des profils et des parcours pr\u00e9sentant une pluralit\u00e9 croissante.<\/p>\n<\/div>\n<\/div><\/div><\/div><div id=\"pgc-196-0-1\"  class=\"panel-grid-cell\" ><div id=\"panel-196-0-1-0\" class=\"so-panel widget widget_sow-editor panel-first-child panel-last-child\" data-index=\"1\" ><div class=\"panel-widget-style panel-widget-style-for-196-0-1-0\" ><div\n\t\t\t\n\t\t\tclass=\"so-widget-sow-editor so-widget-sow-editor-base\"\n\t\t\t\n\t\t><h3 class=\"widget-title\">\u00c0 retenir<\/h3>\n<div class=\"siteorigin-widget-tinymce textwidget\">\n\t<p>- La r\u00e9alit\u00e9 est plus complexe que les images-types que l\u2019on peut avoir de la population immigr\u00e9e. Depuis le d\u00e9but des ann\u00e9es 2000, les femmes repr\u00e9sentent la moiti\u00e9 de la population immigr\u00e9e ; elles travaillent et ont des profils et des parcours pluriels.<\/p>\n<p>- Dans la population active ayant un emploi, les femmes immigr\u00e9es sont surrepr\u00e9sent\u00e9es, par rapport \u00e0 l\u2019ensemble des femmes, dans la cat\u00e9gorie socio-professionnelle des ouvri\u00e8res.<\/p>\n<p>- Comme les autres femmes actives, les femmes immigr\u00e9es ont un taux de ch\u00f4mage sup\u00e9rieur \u00e0 celui des hommes, et notamment \u00e0 celui des hommes immigr\u00e9s.<\/p>\n<\/div>\n<\/div><\/div><\/div><\/div><\/div><div id=\"pg-196-1\"  class=\"panel-grid panel-no-style\" ><div id=\"pgc-196-1-0\"  class=\"panel-grid-cell\" ><div id=\"panel-196-1-0-0\" class=\"so-panel widget widget_sow-headline panel-first-child panel-last-child\" data-index=\"2\" ><div\n\t\t\t\n\t\t\tclass=\"so-widget-sow-headline so-widget-sow-headline-default-455957a978ac-196\"\n\t\t\t\n\t\t><div class=\"sow-headline-container \">\n\t\t\t\t\t\t\t<h2 class=\"sow-headline\">\n\t\t\t\t\t\tCe que disent les chiffres et les enqu\u00eates r\u00e9centes\t\t\t\t\t\t<\/h2>\n\t\t\t\t\t\t\t\t\t\t\t<div class=\"decoration\">\n\t\t\t\t\t\t<div class=\"decoration-inside\"><\/div>\n\t\t\t\t\t<\/div>\n\t\t\t\t\t<\/div>\n<\/div><\/div><\/div><\/div><div id=\"pg-196-2\"  class=\"panel-grid panel-no-style\" ><div id=\"pgc-196-2-0\"  class=\"panel-grid-cell\" ><div id=\"panel-196-2-0-0\" class=\"so-panel widget widget_sow-editor panel-first-child\" data-index=\"3\" ><div\n\t\t\t\n\t\t\tclass=\"so-widget-sow-editor so-widget-sow-editor-base\"\n\t\t\t\n\t\t><h3 class=\"widget-title\">Une \u00ab f\u00e9minisation \u00bb qui se confirme<\/h3>\n<div class=\"siteorigin-widget-tinymce textwidget\">\n\t<\/div>\n<\/div><\/div><div id=\"panel-196-2-0-1\" class=\"so-panel widget widget_sow-editor panel-last-child\" data-index=\"4\" ><div\n\t\t\t\n\t\t\tclass=\"so-widget-sow-editor so-widget-sow-editor-base\"\n\t\t\t\n\t\t>\n<div class=\"siteorigin-widget-tinymce textwidget\">\n\t<p>Selon les enqu\u00eates de recensement de 2023 la France compte 10,7% de personnes immigr\u00e9es et 8,2% de personnes \u00e9trang\u00e8res parmi sa population.<\/p>\n<p><img loading=\"lazy\" decoding=\"async\" src=\"https:\/\/adric-interculturel.com\/discriminations\/wp-content\/uploads\/2019\/03\/Detail_imm-etr-1-600x360.png\" alt=\"\" width=\"600\" height=\"360\" class=\"alignnone size-medium wp-image-820\" srcset=\"https:\/\/adric-interculturel.com\/discriminations\/wp-content\/uploads\/2019\/03\/Detail_imm-etr-1-600x360.png 600w, https:\/\/adric-interculturel.com\/discriminations\/wp-content\/uploads\/2019\/03\/Detail_imm-etr-1-1024x615.png 1024w, https:\/\/adric-interculturel.com\/discriminations\/wp-content\/uploads\/2019\/03\/Detail_imm-etr-1-768x461.png 768w, https:\/\/adric-interculturel.com\/discriminations\/wp-content\/uploads\/2019\/03\/Detail_imm-etr-1.png 1333w\" sizes=\"auto, (max-width: 600px) 100vw, 600px\" \/><\/p>\n<\/div>\n<\/div><\/div><\/div><div id=\"pgc-196-2-1\"  class=\"panel-grid-cell\" ><div id=\"panel-196-2-1-0\" class=\"so-panel widget widget_sow-editor panel-first-child panel-last-child\" data-index=\"5\" ><div\n\t\t\t\n\t\t\tclass=\"so-widget-sow-editor so-widget-sow-editor-base\"\n\t\t\t\n\t\t>\n<div class=\"siteorigin-widget-tinymce textwidget\">\n\t<p>La part des femmes dans l'immigration n\u2019a jamais \u00e9t\u00e9 n\u00e9gligeable, m\u00eame si elle a fluctu\u00e9 : en 1931, au moment o\u00f9 elles sont proportionnellement les moins nombreuses, elles repr\u00e9sentent d\u00e9j\u00e0 40% de la population immigr\u00e9e. Elles \u00e9taient proches de la parit\u00e9 au d\u00e9but du XXe si\u00e8cle (47% en 1911) et c\u2019est au tournant du XXIe si\u00e8cle qu\u2019elles deviennent majoritaires (51% en 2008).<\/p>\n<p>En 2023, 52 % des immigr\u00e9\u00b7es vivant en France sont des femmes.<\/p>\n<p><img loading=\"lazy\" decoding=\"async\" class=\"alignnone size-medium wp-image-821\" src=\"https:\/\/adric-interculturel.com\/discriminations\/wp-content\/uploads\/2019\/03\/part-femmes-immigres-600x526.png\" alt=\"\" width=\"600\" height=\"526\" srcset=\"https:\/\/adric-interculturel.com\/discriminations\/wp-content\/uploads\/2019\/03\/part-femmes-immigres-600x526.png 600w, https:\/\/adric-interculturel.com\/discriminations\/wp-content\/uploads\/2019\/03\/part-femmes-immigres.png 726w\" sizes=\"auto, (max-width: 600px) 100vw, 600px\" \/><\/p>\n<p><em>Source : INED, INSEE.\u00a0\u00a0<\/em><\/p>\n<p>&nbsp;<\/p>\n<\/div>\n<\/div><\/div><\/div><\/div><div id=\"pg-196-3\"  class=\"panel-grid panel-no-style\" ><div id=\"pgc-196-3-0\"  class=\"panel-grid-cell\" ><div id=\"panel-196-3-0-0\" class=\"so-panel widget widget_sow-editor panel-first-child\" data-index=\"6\" ><div\n\t\t\t\n\t\t\tclass=\"so-widget-sow-editor so-widget-sow-editor-base\"\n\t\t\t\n\t\t><h3 class=\"widget-title\">Une pluralit\u00e9 croissante de profils et de parcours<\/h3>\n<div class=\"siteorigin-widget-tinymce textwidget\">\n\t<p>La part des femmes varie selon le continent et le pays de naissance. Ainsi, en 2020, 59 % des immigr\u00e9s n\u00e9s en Am\u00e9rique ou en Oc\u00e9anie sont des femmes. Elles sont \u00e9galement majoritaires parmi les immigr\u00e9s originaires d\u2019Europe (53 %) et ceux n\u00e9s en Asie (51 %), notamment en Chine (62 %). Elles sont aussi nombreuses que les hommes parmi les immigr\u00e9s n\u00e9s en Afrique, par exemple en Alg\u00e9rie (56%). \u00c0 un niveau plus fin, les femmes demeurent en revanche moins nombreuses que les hommes parmi les immigr\u00e9s d\u2019origine turque (47 %) ou tunisienne (44 %).<\/p>\n<p><em>Source : INSEE, Femmes et hommes l'\u00e9galit\u00e9 en question, \u00e9dition 2022.\u00a0<\/em><\/p>\n<\/div>\n<\/div><\/div><div id=\"panel-196-3-0-1\" class=\"so-panel widget widget_sow-editor panel-last-child\" data-index=\"7\" ><div\n\t\t\t\n\t\t\tclass=\"so-widget-sow-editor so-widget-sow-editor-base\"\n\t\t\t\n\t\t>\n<div class=\"siteorigin-widget-tinymce textwidget\">\n\t<p>Les raisons pour lesquelles ces femmes migrent s\u2019inscrivent \u00e0 la fois dans une continuit\u00e9 et une \u00e9volution. Depuis la fin des ann\u00e9es 1970, la situation familiale constitue leur principal motif d\u2019arriv\u00e9e en France\u00a0: 2\/3 des titres de s\u00e9jours d\u00e9livr\u00e9s aux femmes en 2021 le sont pour motifs familiaux (dont une part significative en regroupement de familles fran\u00e7aises). R\u00e9cemment, le second motif qui pousse les femmes \u00e0 migrer en France est la poursuite d\u2019\u00e9tudes sup\u00e9rieures.<\/p>\n<p>En effet, si la tendance des derni\u00e8res d\u00e9cennies montrait que plus de la moiti\u00e9 des femmes arrivaient en France pour rejoindre leur conjoint, une des nouvelles particularit\u00e9s des migrations r\u00e9side dans la diversit\u00e9 de leurs profils. De plus en plus de femmes, jeunes c\u00e9libataires, ou ayant d\u00e9j\u00e0 une famille \u00e0 charge, partent seules \u00e0 l\u2019\u00e9tranger pour trouver du travail et s\u2019installer plus ou moins durablement.<\/p>\n<p>Elles sont \u00e9galement nombreuses \u00e0 \u00eatre dipl\u00f4m\u00e9es : 46 % des femmes immigr\u00e9es arriv\u00e9es en France en 2019 sont dipl\u00f4m\u00e9es du sup\u00e9rieur, contre 39 % des hommes <em>(Insee, Immigr\u00e9s et descendants d'immigr\u00e9s, \u00e9dition 2023).<\/em><\/p>\n<p>&nbsp;<\/p>\n<\/div>\n<\/div><\/div><\/div><div id=\"pgc-196-3-1\"  class=\"panel-grid-cell\" ><div id=\"panel-196-3-1-0\" class=\"so-panel widget widget_sow-editor panel-first-child\" data-index=\"8\" ><div\n\t\t\t\n\t\t\tclass=\"so-widget-sow-editor so-widget-sow-editor-base\"\n\t\t\t\n\t\t>\n<div class=\"siteorigin-widget-tinymce textwidget\">\n\t<p><img loading=\"lazy\" decoding=\"async\" class=\"alignnone size-medium wp-image-822\" src=\"https:\/\/adric-interculturel.com\/discriminations\/wp-content\/uploads\/2019\/03\/cimade-473x600.png\" alt=\"\" width=\"473\" height=\"600\" srcset=\"https:\/\/adric-interculturel.com\/discriminations\/wp-content\/uploads\/2019\/03\/cimade-473x600.png 473w, https:\/\/adric-interculturel.com\/discriminations\/wp-content\/uploads\/2019\/03\/cimade.png 601w\" sizes=\"auto, (max-width: 473px) 100vw, 473px\" \/><\/p>\n<p>&gt;&gt; <a href=\"https:\/\/www.lacimade.org\/wp-content\/uploads\/2013\/06\/Petit-guidefemmes1.pdf\">Voir le guide de la CIMADE\u00a0<\/a><\/p>\n<\/div>\n<\/div><\/div><div id=\"panel-196-3-1-1\" class=\"so-panel widget widget_sow-editor panel-last-child\" data-index=\"9\" ><div\n\t\t\t\n\t\t\tclass=\"so-widget-sow-editor so-widget-sow-editor-base\"\n\t\t\t\n\t\t>\n<div class=\"siteorigin-widget-tinymce textwidget\">\n\t<\/div>\n<\/div><\/div><\/div><\/div><div id=\"pg-196-4\"  class=\"panel-grid panel-no-style\" ><div id=\"pgc-196-4-0\"  class=\"panel-grid-cell\" ><div id=\"panel-196-4-0-0\" class=\"so-panel widget widget_sow-editor panel-first-child\" data-index=\"10\" ><div\n\t\t\t\n\t\t\tclass=\"so-widget-sow-editor so-widget-sow-editor-base\"\n\t\t\t\n\t\t><h3 class=\"widget-title\">Dans le champ de l\u2019emploi<\/h3>\n<div class=\"siteorigin-widget-tinymce textwidget\">\n\t<p>Les statistiques nationales (2021), tout comme les constats des actrices et acteurs sociaux, confirment les difficult\u00e9s plus importantes rencontr\u00e9es par les femmes immigr\u00e9es dans l\u2019acc\u00e8s \u00e0 l\u2019emploi : 66% des femmes immigr\u00e9es de 24 \u00e0 49 ans sont professionnellement actives (en emploi ou au ch\u00f4mage), contre 88% de l\u2019ensemble des femmes et 89% des hommes immigr\u00e9s. Parmi les femmes actives, le taux de ch\u00f4mage des immigr\u00e9es (14 %) est deux fois plus \u00e9lev\u00e9 que celui des femmes sans ascendance migratoire directe (7 %).<\/p>\n<p>En\u00a02021, pr\u00e8s de 9\u00a0femmes en emploi sur\u00a010 travaillent dans le\u00a0<span class=\"infobulle-accessible adhoc-definition\" tabindex=\"0\" role=\"button\" aria-controls=\"accessible-definition-4\" aria-label=\"secteur d\u2019activit\u00e9 (d\u00e9finition)\" aria-expanded=\"false\">secteur d\u2019activit\u00e9<\/span> tertiaire, qu\u2019elles soient immigr\u00e9es, descendantes d\u2019immigr\u00e9s ou sans ascendance migratoire. Les immigr\u00e9es d\u2019origine africaine sont davantage pr\u00e9sentes dans le secteur de l\u2019action sociale (aides \u00e0 domicile, assistantes maternelles), les immigr\u00e9es n\u00e9es dans l\u2019UE \u00e0 27 dans celui des services aux m\u00e9nages (employ\u00e9es de maison).\u00a0Quel que soit leur sexe, les immigr\u00e9s travaillent davantage dans l\u2019h\u00e9bergement\u2011restauration et dans les services aux entreprises, et moins souvent dans l\u2019administration publique. En 2021, 34\u00a0% des femmes salari\u00e9es\u00a0<span class=\"infobulle-accessible adhoc-definition\" tabindex=\"0\" role=\"button\" aria-controls=\"accessible-definition-1\" aria-label=\"immigr\u00e9es (d\u00e9finition)\" aria-expanded=\"false\">immigr\u00e9es<\/span>\u00a0travaillent \u00e0\u00a0<span class=\"infobulle-accessible adhoc-definition\" tabindex=\"0\" role=\"button\" aria-controls=\"accessible-definition-2\" aria-label=\"temps partiel (d\u00e9finition)\" aria-expanded=\"false\">temps partiel<\/span>, contre 27 % des femmes sans ascendance migratoire directe.<\/p>\n<p>La moindre qualification des postes occup\u00e9s par les femmes immigr\u00e9es les expose plus au temps partiel. En outre, les \u00e9carts de part de temps partiel sont forts entre les ouvri\u00e8res immigr\u00e9es (47 %) et non immigr\u00e9es (28 %). (1)<\/p>\n<\/div>\n<\/div><\/div><div id=\"panel-196-4-0-1\" class=\"so-panel widget widget_sow-editor panel-last-child\" data-index=\"11\" ><div\n\t\t\t\n\t\t\tclass=\"so-widget-sow-editor so-widget-sow-editor-base\"\n\t\t\t\n\t\t>\n<div class=\"siteorigin-widget-tinymce textwidget\">\n\t<p>&nbsp;<\/p>\n<div class=\"mceTemp\"><\/div>\n<p>&nbsp;<\/p>\n<\/div>\n<\/div><\/div><\/div><div id=\"pgc-196-4-1\"  class=\"panel-grid-cell\" ><div id=\"panel-196-4-1-0\" class=\"so-panel widget widget_sow-editor panel-first-child\" data-index=\"12\" ><div class=\"panel-widget-style panel-widget-style-for-196-4-1-0\" ><div\n\t\t\t\n\t\t\tclass=\"so-widget-sow-editor so-widget-sow-editor-base\"\n\t\t\t\n\t\t><h3 class=\"widget-title\">(1)<\/h3>\n<div class=\"siteorigin-widget-tinymce textwidget\">\n\t<p><strong>Source : <a href=\"https:\/\/www.insee.fr\/fr\/statistiques\/6793266?sommaire=6793391\">INSEE, Immigr\u00e9s et descendants d'immigr\u00e9s, \u00e9dition 2023.<\/a><\/strong><\/p>\n<\/div>\n<\/div><\/div><\/div><div id=\"panel-196-4-1-1\" class=\"so-panel widget widget_sow-editor panel-last-child\" data-index=\"13\" ><div\n\t\t\t\n\t\t\tclass=\"so-widget-sow-editor so-widget-sow-editor-base\"\n\t\t\t\n\t\t>\n<div class=\"siteorigin-widget-tinymce textwidget\">\n\t<\/div>\n<\/div><\/div><\/div><\/div><\/div>","protected":false},"excerpt":{"rendered":"<p>Dans les images-types des personnes immigr\u00e9es, on a l\u2019homme immigr\u00e9 vu comme un travailleur et la femme immigr\u00e9e plut\u00f4t vue comme une \u00e9pouse ou une m\u00e8re. La r\u00e9alit\u00e9, beaucoup plus complexe, s\u2019\u00e9loigne de ces images. En effet, depuis la fin des ann\u00e9es 1990, les femmes repr\u00e9sentent la moiti\u00e9 de la population immigr\u00e9e\u00a0; et elles ont [&hellip;]<\/p>\n","protected":false},"author":1,"featured_media":587,"comment_status":"open","ping_status":"open","sticky":false,"template":"","format":"standard","meta":{"om_disable_all_campaigns":false,"_monsterinsights_skip_tracking":false,"_monsterinsights_sitenote_active":false,"_monsterinsights_sitenote_note":"","_monsterinsights_sitenote_category":0,"ocean_post_layout":"","ocean_both_sidebars_style":"","ocean_both_sidebars_content_width":0,"ocean_both_sidebars_sidebars_width":0,"ocean_sidebar":"0","ocean_second_sidebar":"0","ocean_disable_margins":"enable","ocean_add_body_class":"","ocean_shortcode_before_top_bar":"","ocean_shortcode_after_top_bar":"","ocean_shortcode_before_header":"","ocean_shortcode_after_header":"","ocean_has_shortcode":"","ocean_shortcode_after_title":"","ocean_shortcode_before_footer_widgets":"","ocean_shortcode_after_footer_widgets":"","ocean_shortcode_before_footer_bottom":"","ocean_shortcode_after_footer_bottom":"","ocean_display_top_bar":"default","ocean_display_header":"default","ocean_header_style":"","ocean_center_header_left_menu":"0","ocean_custom_header_template":"0","ocean_custom_logo":0,"ocean_custom_retina_logo":0,"ocean_custom_logo_max_width":0,"ocean_custom_logo_tablet_max_width":0,"ocean_custom_logo_mobile_max_width":0,"ocean_custom_logo_max_height":0,"ocean_custom_logo_tablet_max_height":0,"ocean_custom_logo_mobile_max_height":0,"ocean_header_custom_menu":"0","ocean_menu_typo_font_family":"0","ocean_menu_typo_font_subset":"","ocean_menu_typo_font_size":0,"ocean_menu_typo_font_size_tablet":0,"ocean_menu_typo_font_size_mobile":0,"ocean_menu_typo_font_size_unit":"px","ocean_menu_typo_font_weight":"","ocean_menu_typo_font_weight_tablet":"","ocean_menu_typo_font_weight_mobile":"","ocean_menu_typo_transform":"","ocean_menu_typo_transform_tablet":"","ocean_menu_typo_transform_mobile":"","ocean_menu_typo_line_height":0,"ocean_menu_typo_line_height_tablet":0,"ocean_menu_typo_line_height_mobile":0,"ocean_menu_typo_line_height_unit":"","ocean_menu_typo_spacing":0,"ocean_menu_typo_spacing_tablet":0,"ocean_menu_typo_spacing_mobile":0,"ocean_menu_typo_spacing_unit":"","ocean_menu_link_color":"","ocean_menu_link_color_hover":"","ocean_menu_link_color_active":"","ocean_menu_link_background":"","ocean_menu_link_hover_background":"","ocean_menu_link_active_background":"","ocean_menu_social_links_bg":"","ocean_menu_social_hover_links_bg":"","ocean_menu_social_links_color":"","ocean_menu_social_hover_links_color":"","ocean_disable_title":"default","ocean_disable_heading":"default","ocean_post_title":"","ocean_post_subheading":"","ocean_post_title_style":"","ocean_post_title_background_color":"","ocean_post_title_background":0,"ocean_post_title_bg_image_position":"","ocean_post_title_bg_image_attachment":"","ocean_post_title_bg_image_repeat":"","ocean_post_title_bg_image_size":"","ocean_post_title_height":0,"ocean_post_title_bg_overlay":0.5,"ocean_post_title_bg_overlay_color":"","ocean_disable_breadcrumbs":"default","ocean_breadcrumbs_color":"","ocean_breadcrumbs_separator_color":"","ocean_breadcrumbs_links_color":"","ocean_breadcrumbs_links_hover_color":"","ocean_display_footer_widgets":"default","ocean_display_footer_bottom":"default","ocean_custom_footer_template":"0","ocean_post_oembed":"","ocean_post_self_hosted_media":"","ocean_post_video_embed":"","ocean_link_format":"","ocean_link_format_target":"self","ocean_quote_format":"","ocean_quote_format_link":"post","ocean_gallery_link_images":"off","ocean_gallery_id":[],"footnotes":""},"categories":[5,4],"tags":[],"class_list":["post-196","post","type-post","status-publish","format-standard","has-post-thumbnail","hentry","category-femmes-issues-des-immigrations-de-qui-parle-t-on","category-mieux-apprehender-les-questions","entry","has-media"],"aioseo_notices":[],"_links":{"self":[{"href":"https:\/\/adric-interculturel.com\/discriminations\/wp-json\/wp\/v2\/posts\/196","targetHints":{"allow":["GET"]}}],"collection":[{"href":"https:\/\/adric-interculturel.com\/discriminations\/wp-json\/wp\/v2\/posts"}],"about":[{"href":"https:\/\/adric-interculturel.com\/discriminations\/wp-json\/wp\/v2\/types\/post"}],"author":[{"embeddable":true,"href":"https:\/\/adric-interculturel.com\/discriminations\/wp-json\/wp\/v2\/users\/1"}],"replies":[{"embeddable":true,"href":"https:\/\/adric-interculturel.com\/discriminations\/wp-json\/wp\/v2\/comments?post=196"}],"version-history":[{"count":142,"href":"https:\/\/adric-interculturel.com\/discriminations\/wp-json\/wp\/v2\/posts\/196\/revisions"}],"predecessor-version":[{"id":825,"href":"https:\/\/adric-interculturel.com\/discriminations\/wp-json\/wp\/v2\/posts\/196\/revisions\/825"}],"wp:featuredmedia":[{"embeddable":true,"href":"https:\/\/adric-interculturel.com\/discriminations\/wp-json\/wp\/v2\/media\/587"}],"wp:attachment":[{"href":"https:\/\/adric-interculturel.com\/discriminations\/wp-json\/wp\/v2\/media?parent=196"}],"wp:term":[{"taxonomy":"category","embeddable":true,"href":"https:\/\/adric-interculturel.com\/discriminations\/wp-json\/wp\/v2\/categories?post=196"},{"taxonomy":"post_tag","embeddable":true,"href":"https:\/\/adric-interculturel.com\/discriminations\/wp-json\/wp\/v2\/tags?post=196"}],"curies":[{"name":"wp","href":"https:\/\/api.w.org\/{rel}","templated":true}]}}