{"id":362,"date":"2019-03-05T08:00:49","date_gmt":"2019-03-05T07:00:49","guid":{"rendered":"http:\/\/adric-interculturel.com\/discriminations\/?p=362"},"modified":"2019-06-12T16:00:57","modified_gmt":"2019-06-12T14:00:57","slug":"femmes-face-au-sexisme-convergences-et-divergences","status":"publish","type":"post","link":"https:\/\/adric-interculturel.com\/discriminations\/femmes-face-au-sexisme-convergences-et-divergences\/","title":{"rendered":"Femmes face au sexisme : convergences et divergences"},"content":{"rendered":"<div id=\"pl-362\"  class=\"panel-layout\" ><div id=\"pg-362-0\"  class=\"panel-grid panel-no-style\" ><div id=\"pgc-362-0-0\"  class=\"panel-grid-cell\" ><div id=\"panel-362-0-0-0\" class=\"so-panel widget widget_sow-editor panel-first-child panel-last-child\" data-index=\"0\" ><div\n\t\t\t\n\t\t\tclass=\"so-widget-sow-editor so-widget-sow-editor-base\"\n\t\t\t\n\t\t>\n<div class=\"siteorigin-widget-tinymce textwidget\">\n\t<p>Par <strong>sexisme<\/strong>, on entend <strong>une id\u00e9ologie <\/strong>qui, en s\u2019appuyant sur les diff\u00e9rences de sexe, \u00e9tablit des cat\u00e9gorisations inf\u00e9riorisant les femmes, argumente la supr\u00e9matie des hommes et justifie la domination masculine. Fort des traditions patriarcales mill\u00e9naires, le sexisme agit \u00e0 travers des pr\u00e9jug\u00e9s et des st\u00e9r\u00e9otypes qui influencent les agissements individuels, collectifs et aussi institutionnels. Le sexisme g\u00e9n\u00e8re ainsi des discriminations et des violences.<\/p>\n<\/div>\n<\/div><\/div><\/div><div id=\"pgc-362-0-1\"  class=\"panel-grid-cell\" ><div id=\"panel-362-0-1-0\" class=\"so-panel widget widget_sow-editor panel-first-child panel-last-child\" data-index=\"1\" ><div class=\"panel-widget-style panel-widget-style-for-362-0-1-0\" ><div\n\t\t\t\n\t\t\tclass=\"so-widget-sow-editor so-widget-sow-editor-base\"\n\t\t\t\n\t\t><h3 class=\"widget-title\">Pour aller plus loin<\/h3>\n<div class=\"siteorigin-widget-tinymce textwidget\">\n\t<p><strong>Consultez les rep\u00e8res terminologiques <\/strong><a href=\"http:\/\/adric-interculturel.com\/discriminations\/sur-les-femmes-le-sexisme-les-discriminations-et-les-violences-liees-au-sexe\/\" target=\"_blank\" rel=\"noopener\">sur les femmes, le sexisme, les discriminations et les violences li\u00e9es au sexe<\/a><\/p>\n<\/div>\n<\/div><\/div><\/div><\/div><\/div><div id=\"pg-362-1\"  class=\"panel-grid panel-no-style\" ><div id=\"pgc-362-1-0\"  class=\"panel-grid-cell\" ><div id=\"panel-362-1-0-0\" class=\"so-panel widget widget_sow-headline panel-first-child panel-last-child\" data-index=\"2\" ><div\n\t\t\t\n\t\t\tclass=\"so-widget-sow-headline so-widget-sow-headline-default-455957a978ac-362\"\n\t\t\t\n\t\t><div class=\"sow-headline-container \">\n\t\t\t\t\t\t\t<h2 class=\"sow-headline\">\n\t\t\t\t\t\tLes discriminations et violences li\u00e9es au sexe concernent toutes les femmes\t\t\t\t\t\t<\/h2>\n\t\t\t\t\t\t\t\t\t\t\t<div class=\"decoration\">\n\t\t\t\t\t\t<div class=\"decoration-inside\"><\/div>\n\t\t\t\t\t<\/div>\n\t\t\t\t\t<\/div>\n<\/div><\/div><\/div><\/div><div id=\"pg-362-2\"  class=\"panel-grid panel-no-style\" ><div id=\"pgc-362-2-0\"  class=\"panel-grid-cell\" ><div id=\"panel-362-2-0-0\" class=\"so-panel widget widget_sow-editor panel-first-child panel-last-child\" data-index=\"3\" ><div\n\t\t\t\n\t\t\tclass=\"so-widget-sow-editor so-widget-sow-editor-base\"\n\t\t\t\n\t\t>\n<div class=\"siteorigin-widget-tinymce textwidget\">\n\t<p>Par<strong> discrimination sexiste<\/strong>, on entend toute discrimination faisant obstacle \u00e0 l\u2019acc\u00e8s des femmes \u00e0 l\u2019\u00e9galit\u00e9 des droits. En effet, bien que l\u2019\u00e9galit\u00e9 entre les femmes et les hommes soit inscrite dans la Constitution fran\u00e7aise et dans divers textes internationaux, et qu\u2019elle fasse l\u2019objet d\u2019avanc\u00e9es juridiques consid\u00e9rables, notamment en France, l\u2019\u00e9galit\u00e9 r\u00e9elle peine \u00e0 aboutir du fait de la reproduction de discriminations li\u00e9es au sexe. Ces discriminations peuvent op\u00e9rer dans divers champs de la vie priv\u00e9e et de la vie publique (famille, travail, logement, droits sociaux, loisirs, espace public, etc.).<\/p>\n<\/div>\n<\/div><\/div><\/div><div id=\"pgc-362-2-1\"  class=\"panel-grid-cell\" ><div id=\"panel-362-2-1-0\" class=\"so-panel widget widget_sow-editor panel-first-child panel-last-child\" data-index=\"4\" ><div\n\t\t\t\n\t\t\tclass=\"so-widget-sow-editor so-widget-sow-editor-base\"\n\t\t\t\n\t\t>\n<div class=\"siteorigin-widget-tinymce textwidget\">\n\t<p>Les <strong>violences sexistes<\/strong> d\u00e9signent des <strong>violences exerc\u00e9es \u00e0 l\u2019encontre des femmes,<\/strong> qu\u2019elles soient perp\u00e9tr\u00e9es dans l\u2019espace priv\u00e9 ou public, qu\u2019elles aient lieu entre des personnes entretenant des rapports intimes (couple ou famille) ou des personnes moins proches, voire \u00e9trang\u00e8res l\u2019une \u00e0 l\u2019autre (\u00e9cole, travail, services de soin, transports communs, rue, etc.). Elles prennent la forme de violences physiques, psychologiques, \u00e9conomiques, administratives, verbales. Elles peuvent \u00eatre exerc\u00e9es ponctuellement ou de mani\u00e8re r\u00e9p\u00e9t\u00e9e sur de longues p\u00e9riodes. Les <strong>violences sexuelles<\/strong>, quant \u00e0 elles, d\u00e9signent \u00e0 la fois le viol (p\u00e9n\u00e9tration forc\u00e9e) et les agressions sexuelles (violences touchant des parties du corps consid\u00e9r\u00e9es comme sexuelles).<\/p>\n<\/div>\n<\/div><\/div><\/div><\/div><div id=\"pg-362-3\"  class=\"panel-grid panel-no-style\" ><div id=\"pgc-362-3-0\"  class=\"panel-grid-cell\" ><div id=\"panel-362-3-0-0\" class=\"so-panel widget widget_sow-headline panel-first-child panel-last-child\" data-index=\"5\" ><div\n\t\t\t\n\t\t\tclass=\"so-widget-sow-headline so-widget-sow-headline-default-455957a978ac-362\"\n\t\t\t\n\t\t><div class=\"sow-headline-container \">\n\t\t\t\t\t\t\t<h2 class=\"sow-headline\">\n\t\t\t\t\t\tFace au sexisme, aux violences et aux discriminations, les femmes ne se trouvent pas toutes dans la m\u00eame situation\t\t\t\t\t\t<\/h2>\n\t\t\t\t\t\t\t\t\t\t\t<div class=\"decoration\">\n\t\t\t\t\t\t<div class=\"decoration-inside\"><\/div>\n\t\t\t\t\t<\/div>\n\t\t\t\t\t<\/div>\n<\/div><\/div><\/div><\/div><div id=\"pg-362-4\"  class=\"panel-grid panel-no-style\" ><div id=\"pgc-362-4-0\"  class=\"panel-grid-cell\" ><div id=\"panel-362-4-0-0\" class=\"so-panel widget widget_sow-editor panel-first-child panel-last-child\" data-index=\"6\" ><div\n\t\t\t\n\t\t\tclass=\"so-widget-sow-editor so-widget-sow-editor-base\"\n\t\t\t\n\t\t>\n<div class=\"siteorigin-widget-tinymce textwidget\">\n\t<p>Les femmes ne constituent pas une masse homog\u00e8ne. Leurs conditions de vie peuvent les rendre plus ou moins vuln\u00e9rables aux discriminations et aux violences li\u00e9es au sexe\u00a0; et leurs diverses appartenances les confrontent \u00e0 des formes diff\u00e9rentes de domination\/d\u2019oppression, car les discriminations peuvent aussi op\u00e9rer \u00e0 travers les crit\u00e8res suivants\u00a0: \u00e2ge, handicap, orientation sexuelle, m\u0153urs, croyances et convictions, origines, appartenances sociales. L\u2019exercice de ces discriminations fait obstacle \u00e0 l\u2019acc\u00e8s \u00e9galitaire, pour les personnes concern\u00e9es, aux droits dans les divers champs de la vie\u00a0: \u00e9ducation, logement, sant\u00e9, emploi, culture, loisirs, etc.<\/p>\n<\/div>\n<\/div><\/div><\/div><div id=\"pgc-362-4-1\"  class=\"panel-grid-cell\" ><div id=\"panel-362-4-1-0\" class=\"so-panel widget widget_sow-editor panel-first-child panel-last-child\" data-index=\"7\" ><div class=\"panel-widget-style panel-widget-style-for-362-4-1-0\" ><div\n\t\t\t\n\t\t\tclass=\"so-widget-sow-editor so-widget-sow-editor-base\"\n\t\t\t\n\t\t><h3 class=\"widget-title\">Pour aller plus loin<\/h3>\n<div class=\"siteorigin-widget-tinymce textwidget\">\n\t<p><strong>Consultez les rep\u00e8res terminologiques <\/strong><a href=\"http:\/\/adric-interculturel.com\/discriminations\/sur-le-racisme-lantisemitisme-et-les-discriminations\/\" target=\"_blank\" rel=\"noopener\">sur le racisme, l'antis\u00e9mitisme et les discriminations<\/a><\/p>\n<\/div>\n<\/div><\/div><\/div><\/div><\/div><\/div>","protected":false},"excerpt":{"rendered":"<p>Par sexisme, on entend une id\u00e9ologie qui, en s\u2019appuyant sur les diff\u00e9rences de sexe, \u00e9tablit des cat\u00e9gorisations inf\u00e9riorisant les femmes, argumente la supr\u00e9matie des hommes et justifie la domination masculine. Fort des traditions patriarcales mill\u00e9naires, le sexisme agit \u00e0 travers des pr\u00e9jug\u00e9s et des st\u00e9r\u00e9otypes qui influencent les agissements individuels, collectifs et aussi institutionnels. Le [&hellip;]<\/p>\n","protected":false},"author":1,"featured_media":588,"comment_status":"open","ping_status":"open","sticky":false,"template":"","format":"standard","meta":{"om_disable_all_campaigns":false,"_monsterinsights_skip_tracking":false,"_monsterinsights_sitenote_active":false,"_monsterinsights_sitenote_note":"","_monsterinsights_sitenote_category":0,"ocean_post_layout":"","ocean_both_sidebars_style":"","ocean_both_sidebars_content_width":0,"ocean_both_sidebars_sidebars_width":0,"ocean_sidebar":"0","ocean_second_sidebar":"0","ocean_disable_margins":"enable","ocean_add_body_class":"","ocean_shortcode_before_top_bar":"","ocean_shortcode_after_top_bar":"","ocean_shortcode_before_header":"","ocean_shortcode_after_header":"","ocean_has_shortcode":"","ocean_shortcode_after_title":"","ocean_shortcode_before_footer_widgets":"","ocean_shortcode_after_footer_widgets":"","ocean_shortcode_before_footer_bottom":"","ocean_shortcode_after_footer_bottom":"","ocean_display_top_bar":"default","ocean_display_header":"default","ocean_header_style":"","ocean_center_header_left_menu":"0","ocean_custom_header_template":"0","ocean_custom_logo":0,"ocean_custom_retina_logo":0,"ocean_custom_logo_max_width":0,"ocean_custom_logo_tablet_max_width":0,"ocean_custom_logo_mobile_max_width":0,"ocean_custom_logo_max_height":0,"ocean_custom_logo_tablet_max_height":0,"ocean_custom_logo_mobile_max_height":0,"ocean_header_custom_menu":"0","ocean_menu_typo_font_family":"0","ocean_menu_typo_font_subset":"","ocean_menu_typo_font_size":0,"ocean_menu_typo_font_size_tablet":0,"ocean_menu_typo_font_size_mobile":0,"ocean_menu_typo_font_size_unit":"px","ocean_menu_typo_font_weight":"","ocean_menu_typo_font_weight_tablet":"","ocean_menu_typo_font_weight_mobile":"","ocean_menu_typo_transform":"","ocean_menu_typo_transform_tablet":"","ocean_menu_typo_transform_mobile":"","ocean_menu_typo_line_height":0,"ocean_menu_typo_line_height_tablet":0,"ocean_menu_typo_line_height_mobile":0,"ocean_menu_typo_line_height_unit":"","ocean_menu_typo_spacing":0,"ocean_menu_typo_spacing_tablet":0,"ocean_menu_typo_spacing_mobile":0,"ocean_menu_typo_spacing_unit":"","ocean_menu_link_color":"","ocean_menu_link_color_hover":"","ocean_menu_link_color_active":"","ocean_menu_link_background":"","ocean_menu_link_hover_background":"","ocean_menu_link_active_background":"","ocean_menu_social_links_bg":"","ocean_menu_social_hover_links_bg":"","ocean_menu_social_links_color":"","ocean_menu_social_hover_links_color":"","ocean_disable_title":"default","ocean_disable_heading":"default","ocean_post_title":"","ocean_post_subheading":"","ocean_post_title_style":"","ocean_post_title_background_color":"","ocean_post_title_background":0,"ocean_post_title_bg_image_position":"","ocean_post_title_bg_image_attachment":"","ocean_post_title_bg_image_repeat":"","ocean_post_title_bg_image_size":"","ocean_post_title_height":0,"ocean_post_title_bg_overlay":0.5,"ocean_post_title_bg_overlay_color":"","ocean_disable_breadcrumbs":"default","ocean_breadcrumbs_color":"","ocean_breadcrumbs_separator_color":"","ocean_breadcrumbs_links_color":"","ocean_breadcrumbs_links_hover_color":"","ocean_display_footer_widgets":"default","ocean_display_footer_bottom":"default","ocean_custom_footer_template":"0","ocean_post_oembed":"","ocean_post_self_hosted_media":"","ocean_post_video_embed":"","ocean_link_format":"","ocean_link_format_target":"self","ocean_quote_format":"","ocean_quote_format_link":"post","ocean_gallery_link_images":"off","ocean_gallery_id":[],"footnotes":""},"categories":[6,4],"tags":[],"class_list":["post-362","post","type-post","status-publish","format-standard","has-post-thumbnail","hentry","category-femmes-issues-des-immigrations-face-aux-discriminations-et-aux-violences","category-mieux-apprehender-les-questions","entry","has-media"],"aioseo_notices":[],"_links":{"self":[{"href":"https:\/\/adric-interculturel.com\/discriminations\/wp-json\/wp\/v2\/posts\/362","targetHints":{"allow":["GET"]}}],"collection":[{"href":"https:\/\/adric-interculturel.com\/discriminations\/wp-json\/wp\/v2\/posts"}],"about":[{"href":"https:\/\/adric-interculturel.com\/discriminations\/wp-json\/wp\/v2\/types\/post"}],"author":[{"embeddable":true,"href":"https:\/\/adric-interculturel.com\/discriminations\/wp-json\/wp\/v2\/users\/1"}],"replies":[{"embeddable":true,"href":"https:\/\/adric-interculturel.com\/discriminations\/wp-json\/wp\/v2\/comments?post=362"}],"version-history":[{"count":17,"href":"https:\/\/adric-interculturel.com\/discriminations\/wp-json\/wp\/v2\/posts\/362\/revisions"}],"predecessor-version":[{"id":365,"href":"https:\/\/adric-interculturel.com\/discriminations\/wp-json\/wp\/v2\/posts\/362\/revisions\/365"}],"wp:featuredmedia":[{"embeddable":true,"href":"https:\/\/adric-interculturel.com\/discriminations\/wp-json\/wp\/v2\/media\/588"}],"wp:attachment":[{"href":"https:\/\/adric-interculturel.com\/discriminations\/wp-json\/wp\/v2\/media?parent=362"}],"wp:term":[{"taxonomy":"category","embeddable":true,"href":"https:\/\/adric-interculturel.com\/discriminations\/wp-json\/wp\/v2\/categories?post=362"},{"taxonomy":"post_tag","embeddable":true,"href":"https:\/\/adric-interculturel.com\/discriminations\/wp-json\/wp\/v2\/tags?post=362"}],"curies":[{"name":"wp","href":"https:\/\/api.w.org\/{rel}","templated":true}]}}