{"id":418,"date":"2019-03-05T13:17:21","date_gmt":"2019-03-05T12:17:21","guid":{"rendered":"http:\/\/adric-interculturel.com\/discriminations\/?p=418"},"modified":"2019-06-10T10:32:24","modified_gmt":"2019-06-10T08:32:24","slug":"violences-sexistes-et-sexuelles-a-des-fins-dexploitation","status":"publish","type":"post","link":"https:\/\/adric-interculturel.com\/discriminations\/violences-sexistes-et-sexuelles-a-des-fins-dexploitation\/","title":{"rendered":"Violences sexistes et sexuelles \u00e0 des fins d\u2019exploitation"},"content":{"rendered":"<div id=\"pl-418\"  class=\"panel-layout\" ><div id=\"pg-418-0\"  class=\"panel-grid panel-no-style\" ><div id=\"pgc-418-0-0\"  class=\"panel-grid-cell\" ><div id=\"panel-418-0-0-0\" class=\"so-panel widget widget_sow-editor panel-first-child\" data-index=\"0\" ><div\n\t\t\t\n\t\t\tclass=\"so-widget-sow-editor so-widget-sow-editor-base\"\n\t\t\t\n\t\t><h3 class=\"widget-title\">Prox\u00e9n\u00e9tisme et traite des \u00eatres humains<\/h3>\n<div class=\"siteorigin-widget-tinymce textwidget\">\n\t<p>De multiples fragilisations li\u00e9es \u00e0 la condition socio\u00e9conomique, \u00e0 des parcours de vie marqu\u00e9s par les violences et les traumatismes, ainsi qu\u2019\u00e0 la pr\u00e9carit\u00e9 administrative (par rapport au s\u00e9jour en France) transforment certaines femmes immigr\u00e9es en des proies faciles et peu co\u00fbteuses pour les prox\u00e9n\u00e8tes. Attir\u00e9es par des promesses de mariage ou de travail, des femmes arrivent en France pour y subir des viols et d\u2019autres formes de violence, ayant pour but de les soumettre aux pratiques prostitutionnelles. Dans certains cas, le mariage a effectivement lieu, mais leur mari se double d\u2019un prox\u00e9n\u00e8te qui les vend \u00e0 des amis ou \u00e0 des connaissances. En effet, le prox\u00e9n\u00e9tisme n\u2019est pas uniquement le fait de r\u00e9seaux internationaux organis\u00e9s et riches. S\u2019y adonnent \u00e9galement des membres du groupe familial et de la communaut\u00e9, avec lesquels les femmes victimes peuvent entretenir une certaine proximit\u00e9.<\/p>\n<\/div>\n<\/div><\/div><div id=\"panel-418-0-0-1\" class=\"so-panel widget widget_sow-editor panel-last-child\" data-index=\"1\" ><div\n\t\t\t\n\t\t\tclass=\"so-widget-sow-editor so-widget-sow-editor-base\"\n\t\t\t\n\t\t><h3 class=\"widget-title\">Esclavage domestique<\/h3>\n<div class=\"siteorigin-widget-tinymce textwidget\">\n\t<p>Les filles et les femmes migrantes sont des cibles privil\u00e9gi\u00e9es pour l\u2019exploitation au sein des familles. Les familles qui pratiquent l\u2019esclavage domestique n\u2019appartiennent pas \u00e0 une cat\u00e9gorie donn\u00e9e de la population et ne sont pas originaires d\u2019un pays en particulier. Elles viennent de tous les pays, y compris de la France, de tous les milieux sociaux et \u00e9conomiques. Les victimes peuvent \u00eatre des mineures ou des adultes.<\/p>\n<\/div>\n<\/div><\/div><\/div><div id=\"pgc-418-0-1\"  class=\"panel-grid-cell\" ><div id=\"panel-418-0-1-0\" class=\"so-panel widget widget_sow-editor panel-first-child panel-last-child\" data-index=\"2\" ><div\n\t\t\t\n\t\t\tclass=\"so-widget-sow-editor so-widget-sow-editor-base\"\n\t\t\t\n\t\t><h3 class=\"widget-title\">Double violence li\u00e9e au statut administratif<\/h3>\n<div class=\"siteorigin-widget-tinymce textwidget\">\n\t<p>Cette notion de double violence est issue d\u2019expertises associatives, notamment du <a href=\"http:\/\/doubleviolence.free.fr\/spip\/\" target=\"_blank\" rel=\"noopener\">Comit\u00e9 d\u2019action contre la double violence<\/a> qui se compose de diverses associations (<a href=\"https:\/\/www.lacimade.org\/activite\/presentation-de-cimade-ile-de-france\/\" target=\"_blank\" rel=\"noopener\">Cimade Ile de France<\/a>, <a href=\"http:\/\/www.comede.org\" target=\"_blank\" rel=\"noopener\">COMEDE<\/a>, <a href=\"http:\/\/www.fasti.org\" target=\"_blank\" rel=\"noopener\">FASTI<\/a>, <a href=\"http:\/\/www.solidaritefemmes.org\" target=\"_blank\" rel=\"noopener\">F\u00e9d\u00e9ration nationale solidarit\u00e9 femmes<\/a>, <a href=\"https:\/\/www.femmesdelaterre.org\" target=\"_blank\" rel=\"noopener\">Femmes de la terre<\/a>, <a href=\"http:\/\/rajfire.free.fr\" target=\"_blank\" rel=\"noopener\">RAJFIRE<\/a> et d\u2019autres). Elle d\u00e9signe un cumul de violences sexistes et \u00e9tatiques en raison du statut administratif de la personne. Tel est, par exemple, le cas de femmes immigr\u00e9es dont le droit au s\u00e9jour d\u00e9pend de la communaut\u00e9 de vie. Cette d\u00e9pendance sert diverses formes d\u2019abus et de chantage au profit de l\u2019\u00e9poux, qui peut se r\u00e9v\u00e9ler violent.<\/p>\n<\/div>\n<\/div><\/div><\/div><\/div><\/div>","protected":false},"excerpt":{"rendered":"<p>De multiples fragilisations li\u00e9es \u00e0 la condition socio\u00e9conomique, \u00e0 des parcours de vie marqu\u00e9s par les violences et les traumatismes, ainsi qu\u2019\u00e0 la pr\u00e9carit\u00e9 administrative (par rapport au s\u00e9jour en France) transforment certaines femmes immigr\u00e9es en des proies faciles et peu co\u00fbteuses pour les prox\u00e9n\u00e8tes. Attir\u00e9es par des promesses de mariage ou de travail, des [&hellip;]<\/p>\n","protected":false},"author":1,"featured_media":592,"comment_status":"open","ping_status":"open","sticky":false,"template":"","format":"standard","meta":{"om_disable_all_campaigns":false,"_monsterinsights_skip_tracking":false,"_monsterinsights_sitenote_active":false,"_monsterinsights_sitenote_note":"","_monsterinsights_sitenote_category":0,"ocean_post_layout":"","ocean_both_sidebars_style":"","ocean_both_sidebars_content_width":0,"ocean_both_sidebars_sidebars_width":0,"ocean_sidebar":"0","ocean_second_sidebar":"0","ocean_disable_margins":"enable","ocean_add_body_class":"","ocean_shortcode_before_top_bar":"","ocean_shortcode_after_top_bar":"","ocean_shortcode_before_header":"","ocean_shortcode_after_header":"","ocean_has_shortcode":"","ocean_shortcode_after_title":"","ocean_shortcode_before_footer_widgets":"","ocean_shortcode_after_footer_widgets":"","ocean_shortcode_before_footer_bottom":"","ocean_shortcode_after_footer_bottom":"","ocean_display_top_bar":"default","ocean_display_header":"default","ocean_header_style":"","ocean_center_header_left_menu":"0","ocean_custom_header_template":"0","ocean_custom_logo":0,"ocean_custom_retina_logo":0,"ocean_custom_logo_max_width":0,"ocean_custom_logo_tablet_max_width":0,"ocean_custom_logo_mobile_max_width":0,"ocean_custom_logo_max_height":0,"ocean_custom_logo_tablet_max_height":0,"ocean_custom_logo_mobile_max_height":0,"ocean_header_custom_menu":"0","ocean_menu_typo_font_family":"0","ocean_menu_typo_font_subset":"","ocean_menu_typo_font_size":0,"ocean_menu_typo_font_size_tablet":0,"ocean_menu_typo_font_size_mobile":0,"ocean_menu_typo_font_size_unit":"px","ocean_menu_typo_font_weight":"","ocean_menu_typo_font_weight_tablet":"","ocean_menu_typo_font_weight_mobile":"","ocean_menu_typo_transform":"","ocean_menu_typo_transform_tablet":"","ocean_menu_typo_transform_mobile":"","ocean_menu_typo_line_height":0,"ocean_menu_typo_line_height_tablet":0,"ocean_menu_typo_line_height_mobile":0,"ocean_menu_typo_line_height_unit":"","ocean_menu_typo_spacing":0,"ocean_menu_typo_spacing_tablet":0,"ocean_menu_typo_spacing_mobile":0,"ocean_menu_typo_spacing_unit":"","ocean_menu_link_color":"","ocean_menu_link_color_hover":"","ocean_menu_link_color_active":"","ocean_menu_link_background":"","ocean_menu_link_hover_background":"","ocean_menu_link_active_background":"","ocean_menu_social_links_bg":"","ocean_menu_social_hover_links_bg":"","ocean_menu_social_links_color":"","ocean_menu_social_hover_links_color":"","ocean_disable_title":"default","ocean_disable_heading":"default","ocean_post_title":"","ocean_post_subheading":"","ocean_post_title_style":"","ocean_post_title_background_color":"","ocean_post_title_background":0,"ocean_post_title_bg_image_position":"","ocean_post_title_bg_image_attachment":"","ocean_post_title_bg_image_repeat":"","ocean_post_title_bg_image_size":"","ocean_post_title_height":0,"ocean_post_title_bg_overlay":0.5,"ocean_post_title_bg_overlay_color":"","ocean_disable_breadcrumbs":"default","ocean_breadcrumbs_color":"","ocean_breadcrumbs_separator_color":"","ocean_breadcrumbs_links_color":"","ocean_breadcrumbs_links_hover_color":"","ocean_display_footer_widgets":"default","ocean_display_footer_bottom":"default","ocean_custom_footer_template":"0","ocean_post_oembed":"","ocean_post_self_hosted_media":"","ocean_post_video_embed":"","ocean_link_format":"","ocean_link_format_target":"self","ocean_quote_format":"","ocean_quote_format_link":"post","ocean_gallery_link_images":"off","ocean_gallery_id":[],"footnotes":""},"categories":[12,7],"tags":[],"class_list":["post-418","post","type-post","status-publish","format-standard","has-post-thumbnail","hentry","category-immigration-exil-violences","category-mieux-cerner-les-problemes","entry","has-media"],"aioseo_notices":[],"_links":{"self":[{"href":"https:\/\/adric-interculturel.com\/discriminations\/wp-json\/wp\/v2\/posts\/418","targetHints":{"allow":["GET"]}}],"collection":[{"href":"https:\/\/adric-interculturel.com\/discriminations\/wp-json\/wp\/v2\/posts"}],"about":[{"href":"https:\/\/adric-interculturel.com\/discriminations\/wp-json\/wp\/v2\/types\/post"}],"author":[{"embeddable":true,"href":"https:\/\/adric-interculturel.com\/discriminations\/wp-json\/wp\/v2\/users\/1"}],"replies":[{"embeddable":true,"href":"https:\/\/adric-interculturel.com\/discriminations\/wp-json\/wp\/v2\/comments?post=418"}],"version-history":[{"count":3,"href":"https:\/\/adric-interculturel.com\/discriminations\/wp-json\/wp\/v2\/posts\/418\/revisions"}],"predecessor-version":[{"id":423,"href":"https:\/\/adric-interculturel.com\/discriminations\/wp-json\/wp\/v2\/posts\/418\/revisions\/423"}],"wp:featuredmedia":[{"embeddable":true,"href":"https:\/\/adric-interculturel.com\/discriminations\/wp-json\/wp\/v2\/media\/592"}],"wp:attachment":[{"href":"https:\/\/adric-interculturel.com\/discriminations\/wp-json\/wp\/v2\/media?parent=418"}],"wp:term":[{"taxonomy":"category","embeddable":true,"href":"https:\/\/adric-interculturel.com\/discriminations\/wp-json\/wp\/v2\/categories?post=418"},{"taxonomy":"post_tag","embeddable":true,"href":"https:\/\/adric-interculturel.com\/discriminations\/wp-json\/wp\/v2\/tags?post=418"}],"curies":[{"name":"wp","href":"https:\/\/api.w.org\/{rel}","templated":true}]}}