{"id":443,"date":"2019-03-05T06:57:16","date_gmt":"2019-03-05T05:57:16","guid":{"rendered":"http:\/\/adric-interculturel.com\/discriminations\/?p=443"},"modified":"2019-06-11T11:13:12","modified_gmt":"2019-06-11T09:13:12","slug":"points-de-vigilance","status":"publish","type":"post","link":"https:\/\/adric-interculturel.com\/discriminations\/points-de-vigilance\/","title":{"rendered":"Points de vigilance"},"content":{"rendered":"<div id=\"pl-443\"  class=\"panel-layout\" ><div id=\"pg-443-0\"  class=\"panel-grid panel-no-style\" ><div id=\"pgc-443-0-0\"  class=\"panel-grid-cell\" ><div id=\"panel-443-0-0-0\" class=\"so-panel widget widget_sow-editor panel-first-child panel-last-child\" data-index=\"0\" ><div\n\t\t\t\n\t\t\tclass=\"so-widget-sow-editor so-widget-sow-editor-base\"\n\t\t\t\n\t\t><h3 class=\"widget-title\">Premier point<\/h3>\n<div class=\"siteorigin-widget-tinymce textwidget\">\n\t<p>Il est essentiel de ne pas omettre que le sexisme n\u2019est pas une discrimination comme une autre. Fran\u00e7oise Gaspard rappelle ce point important \u00e0 propos de la notion de double discrimination : \u00ab La notion de double discrimination \u00ab permet de souligner la sp\u00e9cificit\u00e9 de la situation des femmes. Mais, elle est insuffisante pour traquer tous les ressorts de la domination afin de pouvoir les combattre \u00bb. Car, \u00ab le sexisme a cette particularit\u00e9 d\u2019\u00eatre pr\u00e9sent dans tous les groupes et cat\u00e9gories et jusque et y compris dans les relations domestiques \u00bb (F. Gaspard, <a href=\"http:\/\/www.un.org\/womenwatch\/daw\/csw\/gaspard45.htm\" target=\"_blank\" rel=\"noopener\"><em>Lutter conjointement contre le sexisme et le racisme<\/em><\/a>, 2001). Cette remarque est valable pour toutes les notions sp\u00e9cifiques employ\u00e9es \u00e0 propos de l\u2019entrecroisement du sexisme et du racisme ou d\u2019autres formes de domination et de discrimination.<\/p>\n<\/div>\n<\/div><\/div><\/div><div id=\"pgc-443-0-1\"  class=\"panel-grid-cell\" ><div id=\"panel-443-0-1-0\" class=\"so-panel widget widget_sow-editor panel-first-child panel-last-child\" data-index=\"1\" ><div\n\t\t\t\n\t\t\tclass=\"so-widget-sow-editor so-widget-sow-editor-base\"\n\t\t\t\n\t\t><h3 class=\"widget-title\">Deuxi\u00e8me point<\/h3>\n<div class=\"siteorigin-widget-tinymce textwidget\">\n\t<p>L\u2019approche intersectionnelle, dans l\u2019acception qui met en avant l\u2019articulation des identit\u00e9s\/in\u00e9galit\u00e9s, aboutit \u00e0 minimiser le sexisme au pr\u00e9texte d\u2019une prise en compte des oppressions li\u00e9es aux autres facteurs (classe sociale, appartenance suppos\u00e9e raciale, origine nationale ou ethnique\u2026). Ce relativisme alimente des controverses, notamment dans le champ des violences sexistes et sexuelles (par exemple, lorsqu\u2019un viol ou des violences sont commises par un homme en position sociale subalterne, qu\u2019il soit immigr\u00e9, colonis\u00e9, victime de racisme, etc.).<\/p>\n<\/div>\n<\/div><\/div><\/div><\/div><div id=\"pg-443-1\"  class=\"panel-grid panel-no-style\" ><div id=\"pgc-443-1-0\"  class=\"panel-grid-cell\" ><div id=\"panel-443-1-0-0\" class=\"so-panel widget widget_sow-editor panel-first-child panel-last-child\" data-index=\"2\" ><div\n\t\t\t\n\t\t\tclass=\"so-widget-sow-editor so-widget-sow-editor-base\"\n\t\t\t\n\t\t><h3 class=\"widget-title\">Troisi\u00e8me point<\/h3>\n<div class=\"siteorigin-widget-tinymce textwidget\">\n\t<p>Le fait de percevoir les valeurs universelles des droits humains comme le fruit de l\u2019Occident colonisateur conduit \u00e0 oublier les luttes sociales et politiques qui ont rendu possible l\u2019affirmation de ces valeurs. Cette perception r\u00e9ductrice produit, par ricochet, des effets nuisibles dans la lutte contre les discriminations et les violences li\u00e9es au sexe. Ainsi, le fait de r\u00e9duire le f\u00e9minisme \u00e9galitaire \u00e0 une propri\u00e9t\u00e9 priv\u00e9e de \u00ab\u00a0femmes blanches\u00a0\u00bb revient non seulement \u00e0 diviser les acteurs et actrices des droits des femmes, mais agit, involontairement, en faveur de visions qui inf\u00e9riorisent les \u00ab\u00a0non-Occidentaux\u00a0\u00bb dont les valeurs seraient imperm\u00e9ables aux droits humains et \u00e0 l\u2019\u00e9galit\u00e9 de sexe.<\/p>\n<\/div>\n<\/div><\/div><\/div><\/div><\/div>","protected":false},"excerpt":{"rendered":"<p>Il est essentiel de ne pas omettre que le sexisme n\u2019est pas une discrimination comme une autre. Fran\u00e7oise Gaspard rappelle ce point important \u00e0 propos de la notion de double discrimination : \u00ab La notion de double discrimination \u00ab permet de souligner la sp\u00e9cificit\u00e9 de la situation des femmes. Mais, elle est insuffisante pour traquer [&hellip;]<\/p>\n","protected":false},"author":1,"featured_media":619,"comment_status":"open","ping_status":"open","sticky":false,"template":"","format":"standard","meta":{"om_disable_all_campaigns":false,"_monsterinsights_skip_tracking":false,"_monsterinsights_sitenote_active":false,"_monsterinsights_sitenote_note":"","_monsterinsights_sitenote_category":0,"ocean_post_layout":"","ocean_both_sidebars_style":"","ocean_both_sidebars_content_width":0,"ocean_both_sidebars_sidebars_width":0,"ocean_sidebar":"0","ocean_second_sidebar":"0","ocean_disable_margins":"enable","ocean_add_body_class":"","ocean_shortcode_before_top_bar":"","ocean_shortcode_after_top_bar":"","ocean_shortcode_before_header":"","ocean_shortcode_after_header":"","ocean_has_shortcode":"","ocean_shortcode_after_title":"","ocean_shortcode_before_footer_widgets":"","ocean_shortcode_after_footer_widgets":"","ocean_shortcode_before_footer_bottom":"","ocean_shortcode_after_footer_bottom":"","ocean_display_top_bar":"default","ocean_display_header":"default","ocean_header_style":"","ocean_center_header_left_menu":"0","ocean_custom_header_template":"0","ocean_custom_logo":0,"ocean_custom_retina_logo":0,"ocean_custom_logo_max_width":0,"ocean_custom_logo_tablet_max_width":0,"ocean_custom_logo_mobile_max_width":0,"ocean_custom_logo_max_height":0,"ocean_custom_logo_tablet_max_height":0,"ocean_custom_logo_mobile_max_height":0,"ocean_header_custom_menu":"0","ocean_menu_typo_font_family":"0","ocean_menu_typo_font_subset":"","ocean_menu_typo_font_size":0,"ocean_menu_typo_font_size_tablet":0,"ocean_menu_typo_font_size_mobile":0,"ocean_menu_typo_font_size_unit":"px","ocean_menu_typo_font_weight":"","ocean_menu_typo_font_weight_tablet":"","ocean_menu_typo_font_weight_mobile":"","ocean_menu_typo_transform":"","ocean_menu_typo_transform_tablet":"","ocean_menu_typo_transform_mobile":"","ocean_menu_typo_line_height":0,"ocean_menu_typo_line_height_tablet":0,"ocean_menu_typo_line_height_mobile":0,"ocean_menu_typo_line_height_unit":"","ocean_menu_typo_spacing":0,"ocean_menu_typo_spacing_tablet":0,"ocean_menu_typo_spacing_mobile":0,"ocean_menu_typo_spacing_unit":"","ocean_menu_link_color":"","ocean_menu_link_color_hover":"","ocean_menu_link_color_active":"","ocean_menu_link_background":"","ocean_menu_link_hover_background":"","ocean_menu_link_active_background":"","ocean_menu_social_links_bg":"","ocean_menu_social_hover_links_bg":"","ocean_menu_social_links_color":"","ocean_menu_social_hover_links_color":"","ocean_disable_title":"default","ocean_disable_heading":"default","ocean_post_title":"","ocean_post_subheading":"","ocean_post_title_style":"","ocean_post_title_background_color":"","ocean_post_title_background":0,"ocean_post_title_bg_image_position":"","ocean_post_title_bg_image_attachment":"","ocean_post_title_bg_image_repeat":"","ocean_post_title_bg_image_size":"","ocean_post_title_height":0,"ocean_post_title_bg_overlay":0.5,"ocean_post_title_bg_overlay_color":"","ocean_disable_breadcrumbs":"default","ocean_breadcrumbs_color":"","ocean_breadcrumbs_separator_color":"","ocean_breadcrumbs_links_color":"","ocean_breadcrumbs_links_hover_color":"","ocean_display_footer_widgets":"default","ocean_display_footer_bottom":"default","ocean_custom_footer_template":"0","ocean_post_oembed":"","ocean_post_self_hosted_media":"","ocean_post_video_embed":"","ocean_link_format":"","ocean_link_format_target":"self","ocean_quote_format":"","ocean_quote_format_link":"post","ocean_gallery_link_images":"off","ocean_gallery_id":[],"footnotes":""},"categories":[15,17],"tags":[],"class_list":["post-443","post","type-post","status-publish","format-standard","has-post-thumbnail","hentry","category-mieux-analyser-les-situations","category-y-voir-plus-clair-dans-les-concepts-et-les-debats","entry","has-media"],"aioseo_notices":[],"_links":{"self":[{"href":"https:\/\/adric-interculturel.com\/discriminations\/wp-json\/wp\/v2\/posts\/443","targetHints":{"allow":["GET"]}}],"collection":[{"href":"https:\/\/adric-interculturel.com\/discriminations\/wp-json\/wp\/v2\/posts"}],"about":[{"href":"https:\/\/adric-interculturel.com\/discriminations\/wp-json\/wp\/v2\/types\/post"}],"author":[{"embeddable":true,"href":"https:\/\/adric-interculturel.com\/discriminations\/wp-json\/wp\/v2\/users\/1"}],"replies":[{"embeddable":true,"href":"https:\/\/adric-interculturel.com\/discriminations\/wp-json\/wp\/v2\/comments?post=443"}],"version-history":[{"count":4,"href":"https:\/\/adric-interculturel.com\/discriminations\/wp-json\/wp\/v2\/posts\/443\/revisions"}],"predecessor-version":[{"id":454,"href":"https:\/\/adric-interculturel.com\/discriminations\/wp-json\/wp\/v2\/posts\/443\/revisions\/454"}],"wp:featuredmedia":[{"embeddable":true,"href":"https:\/\/adric-interculturel.com\/discriminations\/wp-json\/wp\/v2\/media\/619"}],"wp:attachment":[{"href":"https:\/\/adric-interculturel.com\/discriminations\/wp-json\/wp\/v2\/media?parent=443"}],"wp:term":[{"taxonomy":"category","embeddable":true,"href":"https:\/\/adric-interculturel.com\/discriminations\/wp-json\/wp\/v2\/categories?post=443"},{"taxonomy":"post_tag","embeddable":true,"href":"https:\/\/adric-interculturel.com\/discriminations\/wp-json\/wp\/v2\/tags?post=443"}],"curies":[{"name":"wp","href":"https:\/\/api.w.org\/{rel}","templated":true}]}}