{"id":478,"date":"2019-03-03T10:31:57","date_gmt":"2019-03-03T09:31:57","guid":{"rendered":"http:\/\/adric-interculturel.com\/discriminations\/?p=478"},"modified":"2019-06-12T15:56:56","modified_gmt":"2019-06-12T13:56:56","slug":"etudes-dispositifs-et-outils-pratiques","status":"publish","type":"post","link":"https:\/\/adric-interculturel.com\/discriminations\/etudes-dispositifs-et-outils-pratiques\/","title":{"rendered":"\u00c9tudes, outils pratiques, associations"},"content":{"rendered":"<div id=\"pl-478\"  class=\"panel-layout\" ><div id=\"pg-478-0\"  class=\"panel-grid panel-no-style\" ><div id=\"pgc-478-0-0\"  class=\"panel-grid-cell\" ><div id=\"panel-478-0-0-0\" class=\"so-panel widget widget_sow-editor panel-first-child panel-last-child\" data-index=\"0\" ><div\n\t\t\t\n\t\t\tclass=\"so-widget-sow-editor so-widget-sow-editor-base\"\n\t\t\t\n\t\t><h3 class=\"widget-title\">\u00c9tudes, enqu\u00eates, rapports<\/h3>\n<div class=\"siteorigin-widget-tinymce textwidget\">\n\t<p><a href=\"https:\/\/www.ined.fr\/fr\/publications\/editions\/grandes-enquetes\/trajectoires-et-origines\/\" target=\"_blank\" rel=\"noopener\"><em>Enqu\u00eate sur la diversit\u00e9 des populations en France<\/em><\/a>, sous la direction de Cris Beauchemin, Christelle Hamel et Patrick Simon, Collection : Grandes Enqu\u00eates, 2016<\/p>\n<p><em><a href=\"http:\/\/amicaledunid.org\/wp-content\/uploads\/2018\/04\/HCE-Situations-des-femmes-demandeuses-dasile-en-France.pdf\" target=\"_blank\" rel=\"noopener\">Situation des femmes<\/a> demandeuses d\u2019asile en France apr\u00e8s l\u2019adoption de la loi portant r\u00e9forme du droit d\u2019asile<\/em>, rapport du Haut conseil \u00e0 l'\u00c9galit\u00e9, n\u00b02017-12-18-INT-030, publi\u00e9 le 18 d\u00e9cembre 2017.<\/p>\n<p><em><a href=\"https:\/\/www.ladocumentationfrancaise.fr\/var\/storage\/rapports-publics\/144000357.pdf\" target=\"_blank\" rel=\"noopener\">Combattre maintenant<\/a> les in\u00e9galit\u00e9s sexu\u00e9es, sociales et territoriales dans les quartiers de la politique de la ville et les territoires ruraux fragilis\u00e9s<\/em>, rapport du Haut Conseil \u00e0 l'\u00c9galit\u00e9 n\u00b02014-06-19-EGAliTER-012 publi\u00e9 le 19 juin 2014<\/p>\n<p>\"<a href=\"https:\/\/www.ined.fr\/fichier\/s_rubrique\/26753\/546.population.societes.juillet.aout.2017.immigration.chomage.fr.pdf\" target=\"_blank\" rel=\"noopener\">Le ch\u00f4mage des immigr\u00e9s : quelle est la part des discriminations ?<\/a>\", <em>Population et soci\u00e9t\u00e9s<\/em>, n\u00b0546, juillet\/ao\u00fbt 2017.<\/p>\n<p><em><a href=\"http:\/\/www.france-terre-asile.org\/images\/stories\/publications\/pdf\/violences-a-egard-femmes-demandeuses-asile-et-refugiees-en-france.pdf\" target=\"_blank\" rel=\"noopener\">Les violences<\/a> \u00e0 l\u2019\u00e9gard des femmes demandeuses d\u2019asile et r\u00e9fugi\u00e9es en France<\/em>, une \u00e9tude de France terre d\u2019asile Les cahiers du social n\u00b040, avril 2018<\/p>\n<p><em><a href=\"https:\/\/www.ined.fr\/fichier\/s_rubrique\/269\/volet_qualitatif_de_exh_rapport_final.fr.pdf\" target=\"_blank\" rel=\"noopener\">Comment orienter la pr\u00e9vention de l\u2019excision chez les filles et<\/a> jeunes filles d\u2019origine Africaine vivant en France: Une \u00e9tude des d\u00e9terminants sociaux et familiaux du ph\u00e9nom\u00e8ne<\/em>, Armelle Andro - Marie Lesclingand - Dolor\u00e8s Pourette, janvier 2009<\/p>\n<p>\"<a href=\"https:\/\/federationgams.org\/wp-content\/uploads\/2015\/11\/population_societes-1.pdf\" target=\"_blank\" rel=\"noopener\">Les mutilations sexuelles f\u00e9minines : le point sur la situation en Afrique et en France<\/a>\", Armelle Andro et Marie Lesclingand, <em>Population et soci\u00e9t\u00e9s<\/em>, n\u00b0438, octobre 2007<\/p>\n<p><em><a href=\"http:\/\/amicaledunid.org\/wp-content\/uploads\/2018\/09\/AdN-prise-en-compte-victimes-TEH-2017.pdf\" target=\"_blank\" rel=\"noopener\">La prise en compte des victimes<\/a> de traite des \u00eatres humains \u00e0 des fins d'exploitation sexuelle<\/em>, Observations 2017 de l'Amicale du Nid<\/p>\n<\/div>\n<\/div><\/div><\/div><div id=\"pgc-478-0-1\"  class=\"panel-grid-cell\" ><div id=\"panel-478-0-1-0\" class=\"so-panel widget widget_sow-editor panel-first-child panel-last-child\" data-index=\"1\" ><div\n\t\t\t\n\t\t\tclass=\"so-widget-sow-editor so-widget-sow-editor-base\"\n\t\t\t\n\t\t><h3 class=\"widget-title\">Institutions, associations d'accueil et d'accompagnement des femmes issues des immigrations<\/h3>\n<div class=\"siteorigin-widget-tinymce textwidget\">\n\t<p><strong>Associations<\/strong><\/p>\n<p><a href=\"http:\/\/www.cicade.org\" target=\"_blank\" rel=\"noopener\">Cicade<\/a><\/p>\n<p><a href=\"http:\/\/www.fci-asso.org\/\" target=\"_blank\" rel=\"noopener\">Femmes contre les int\u00e9grismes<\/a><\/p>\n<p><a href=\"https:\/\/www.femmesdelaterre.org\" target=\"_blank\" rel=\"noopener\">Femmes de la Terre<\/a><\/p>\n<p><a href=\"http:\/\/www.fiji-ra.fr\/\" target=\"_blank\" rel=\"noopener\">Femmes Informations Juridiques Internationales<\/a><\/p>\n<p><a href=\"https:\/\/federationgams.org\" target=\"_blank\" rel=\"noopener\">GAMS<\/a><\/p>\n<p><a href=\"https:\/\/m.centre-hubertine-auclert.fr\/organisme\/ligue-des-femmes-iraniennes-pour-la-democratie-lfid\" target=\"_blank\" rel=\"noopener\">LFID<\/a><\/p>\n<p><a href=\"http:\/\/rajfire.free.fr\" target=\"_blank\" rel=\"noopener\">RAJFIRE<\/a><\/p>\n<p><a href=\"http:\/\/www.association-voixdefemmes.fr\" target=\"_blank\" rel=\"noopener\">Voix de Femmes<\/a><\/p>\n<p>&nbsp;<\/p>\n<p><strong>Institutions<\/strong><\/p>\n<p><a href=\"http:\/\/www.cnda.fr\" target=\"_blank\" rel=\"noopener\">CNDA<\/a><\/p>\n<p><a href=\"http:\/\/www.ofii.fr\" target=\"_blank\" rel=\"noopener\">OFII<\/a><\/p>\n<p><a href=\"https:\/\/www.ofpra.gouv.fr\" target=\"_blank\" rel=\"noopener\">OFPRA<\/a><\/p>\n<\/div>\n<\/div><\/div><\/div><\/div><div id=\"pg-478-1\"  class=\"panel-grid panel-no-style\" ><div id=\"pgc-478-1-0\"  class=\"panel-grid-cell\" ><div id=\"panel-478-1-0-0\" class=\"so-panel widget widget_sow-editor panel-first-child panel-last-child\" data-index=\"2\" ><div\n\t\t\t\n\t\t\tclass=\"so-widget-sow-editor so-widget-sow-editor-base\"\n\t\t\t\n\t\t><h3 class=\"widget-title\">Outils pratiques<\/h3>\n<div class=\"siteorigin-widget-tinymce textwidget\">\n\t<p><a href=\"http:\/\/adric.eu\/index.php\/kiosque\/4-guide-face-aux-violences-faites-aux-femmes\" target=\"_blank\" rel=\"noopener\"><em>Face aux violences et aux discriminations : accompagner les femmes issues des immigrations<\/em><\/a>, ADRIC, 2008<\/p>\n<p><a href=\"http:\/\/adric.eu\/index.php\/kiosque\/194-femmes-primo-arrivantes-de-laccueil-a-lintegration\" target=\"_blank\" rel=\"noopener\"><em>Femmes primo-arrivantes : de l'accueil \u00e0 l'int\u00e9gration<\/em><\/a>, ADRIC, 2011<\/p>\n<p><a href=\"http:\/\/adric.eu\/index.php\/kiosque\/54-pour-lintegration-des-femmes-primo-arrivantes-a-paris\" target=\"_blank\" rel=\"noopener\"><em>Pour l'int\u00e9gration des femmes primo-arrivantes<\/em><\/a>, ADRIC, 2010<\/p>\n<p><em><a href=\"https:\/\/adric-interculturel.com\/citoyennete\/wp-content\/uploads\/2017\/01\/Brochure_FemmesEmploi_PDF.pdf\" target=\"_blank\" rel=\"noopener\">Favoriser l'acc\u00e8s des femmes \u00e0 l'emploi<\/a><\/em>, ADRIC, 2016<\/p>\n<p><a href=\"http:\/\/adric.eu\/images\/guides\/Adric_VdF_Guide_Lutter_contre_le_mariage_forc\u00e9.pdf\" target=\"_blank\" rel=\"noopener\"><em>Lutter contre le mariage forc\u00e9 - Soutenir le libre choix amoureux et l'autonomie des jeunes<\/em><\/a>, ADRIC\/Voix de femmes, 2017<\/p>\n<p><a href=\"http:\/\/amicaledunid.org\/wp-content\/uploads\/2018\/03\/Guide-de-l-accompagnement_TEH_AmicaleDuNid.pdf\" target=\"_blank\" rel=\"noopener\"><em>Guide de l'accompagnement des victimes de traite \u00e0 des fins d'exploitation sexuelle - rep\u00e8res, observations et pistes d'action<\/em><\/a>, Amicale du Nid, 2016<\/p>\n<\/div>\n<\/div><\/div><\/div><div id=\"pgc-478-1-1\"  class=\"panel-grid-cell\" ><div id=\"panel-478-1-1-0\" class=\"so-panel widget widget_sow-editor panel-first-child panel-last-child\" data-index=\"3\" ><div class=\"panel-widget-style panel-widget-style-for-478-1-1-0\" ><div\n\t\t\t\n\t\t\tclass=\"so-widget-sow-editor so-widget-sow-editor-base\"\n\t\t\t\n\t\t><h3 class=\"widget-title\">Partagez vos bons contacts, outils ou enqu\u00eates<\/h3>\n<div class=\"siteorigin-widget-tinymce textwidget\">\n\t<p>Si vous souhaitez nous signaler une association, un outil pratique ou une enqu\u00eate, \u00e9crivez-nous : adric@adric.eu en indiquant en objet : \"ajout site Femmes issues des immigrations face aux violences et aux discriminations\".<\/p>\n<\/div>\n<\/div><\/div><\/div><\/div><\/div><\/div>","protected":false},"excerpt":{"rendered":"<p>Enqu\u00eate sur la diversit\u00e9 des populations en France, sous la direction de Cris Beauchemin, Christelle Hamel et Patrick Simon, Collection : Grandes Enqu\u00eates, 2016 Situation des femmes demandeuses d\u2019asile en France apr\u00e8s l\u2019adoption de la loi portant r\u00e9forme du droit d\u2019asile, rapport du Haut conseil \u00e0 l&#8217;\u00c9galit\u00e9, n\u00b02017-12-18-INT-030, publi\u00e9 le 18 d\u00e9cembre 2017. Combattre maintenant [&hellip;]<\/p>\n","protected":false},"author":1,"featured_media":605,"comment_status":"open","ping_status":"open","sticky":false,"template":"","format":"standard","meta":{"om_disable_all_campaigns":false,"_monsterinsights_skip_tracking":false,"_monsterinsights_sitenote_active":false,"_monsterinsights_sitenote_note":"","_monsterinsights_sitenote_category":0,"ocean_post_layout":"","ocean_both_sidebars_style":"","ocean_both_sidebars_content_width":0,"ocean_both_sidebars_sidebars_width":0,"ocean_sidebar":"0","ocean_second_sidebar":"0","ocean_disable_margins":"enable","ocean_add_body_class":"","ocean_shortcode_before_top_bar":"","ocean_shortcode_after_top_bar":"","ocean_shortcode_before_header":"","ocean_shortcode_after_header":"","ocean_has_shortcode":"","ocean_shortcode_after_title":"","ocean_shortcode_before_footer_widgets":"","ocean_shortcode_after_footer_widgets":"","ocean_shortcode_before_footer_bottom":"","ocean_shortcode_after_footer_bottom":"","ocean_display_top_bar":"default","ocean_display_header":"default","ocean_header_style":"","ocean_center_header_left_menu":"0","ocean_custom_header_template":"0","ocean_custom_logo":0,"ocean_custom_retina_logo":0,"ocean_custom_logo_max_width":0,"ocean_custom_logo_tablet_max_width":0,"ocean_custom_logo_mobile_max_width":0,"ocean_custom_logo_max_height":0,"ocean_custom_logo_tablet_max_height":0,"ocean_custom_logo_mobile_max_height":0,"ocean_header_custom_menu":"0","ocean_menu_typo_font_family":"0","ocean_menu_typo_font_subset":"","ocean_menu_typo_font_size":0,"ocean_menu_typo_font_size_tablet":0,"ocean_menu_typo_font_size_mobile":0,"ocean_menu_typo_font_size_unit":"px","ocean_menu_typo_font_weight":"","ocean_menu_typo_font_weight_tablet":"","ocean_menu_typo_font_weight_mobile":"","ocean_menu_typo_transform":"","ocean_menu_typo_transform_tablet":"","ocean_menu_typo_transform_mobile":"","ocean_menu_typo_line_height":0,"ocean_menu_typo_line_height_tablet":0,"ocean_menu_typo_line_height_mobile":0,"ocean_menu_typo_line_height_unit":"","ocean_menu_typo_spacing":0,"ocean_menu_typo_spacing_tablet":0,"ocean_menu_typo_spacing_mobile":0,"ocean_menu_typo_spacing_unit":"","ocean_menu_link_color":"","ocean_menu_link_color_hover":"","ocean_menu_link_color_active":"","ocean_menu_link_background":"","ocean_menu_link_hover_background":"","ocean_menu_link_active_background":"","ocean_menu_social_links_bg":"","ocean_menu_social_hover_links_bg":"","ocean_menu_social_links_color":"","ocean_menu_social_hover_links_color":"","ocean_disable_title":"default","ocean_disable_heading":"default","ocean_post_title":"","ocean_post_subheading":"","ocean_post_title_style":"","ocean_post_title_background_color":"","ocean_post_title_background":0,"ocean_post_title_bg_image_position":"","ocean_post_title_bg_image_attachment":"","ocean_post_title_bg_image_repeat":"","ocean_post_title_bg_image_size":"","ocean_post_title_height":0,"ocean_post_title_bg_overlay":0.5,"ocean_post_title_bg_overlay_color":"","ocean_disable_breadcrumbs":"default","ocean_breadcrumbs_color":"","ocean_breadcrumbs_separator_color":"","ocean_breadcrumbs_links_color":"","ocean_breadcrumbs_links_hover_color":"","ocean_display_footer_widgets":"default","ocean_display_footer_bottom":"default","ocean_custom_footer_template":"0","ocean_post_oembed":"","ocean_post_self_hosted_media":"","ocean_post_video_embed":"","ocean_link_format":"","ocean_link_format_target":"self","ocean_quote_format":"","ocean_quote_format_link":"post","ocean_gallery_link_images":"off","ocean_gallery_id":[],"footnotes":""},"categories":[21],"tags":[],"class_list":["post-478","post","type-post","status-publish","format-standard","has-post-thumbnail","hentry","category-ressources","entry","has-media"],"aioseo_notices":[],"_links":{"self":[{"href":"https:\/\/adric-interculturel.com\/discriminations\/wp-json\/wp\/v2\/posts\/478","targetHints":{"allow":["GET"]}}],"collection":[{"href":"https:\/\/adric-interculturel.com\/discriminations\/wp-json\/wp\/v2\/posts"}],"about":[{"href":"https:\/\/adric-interculturel.com\/discriminations\/wp-json\/wp\/v2\/types\/post"}],"author":[{"embeddable":true,"href":"https:\/\/adric-interculturel.com\/discriminations\/wp-json\/wp\/v2\/users\/1"}],"replies":[{"embeddable":true,"href":"https:\/\/adric-interculturel.com\/discriminations\/wp-json\/wp\/v2\/comments?post=478"}],"version-history":[{"count":14,"href":"https:\/\/adric-interculturel.com\/discriminations\/wp-json\/wp\/v2\/posts\/478\/revisions"}],"predecessor-version":[{"id":720,"href":"https:\/\/adric-interculturel.com\/discriminations\/wp-json\/wp\/v2\/posts\/478\/revisions\/720"}],"wp:featuredmedia":[{"embeddable":true,"href":"https:\/\/adric-interculturel.com\/discriminations\/wp-json\/wp\/v2\/media\/605"}],"wp:attachment":[{"href":"https:\/\/adric-interculturel.com\/discriminations\/wp-json\/wp\/v2\/media?parent=478"}],"wp:term":[{"taxonomy":"category","embeddable":true,"href":"https:\/\/adric-interculturel.com\/discriminations\/wp-json\/wp\/v2\/categories?post=478"},{"taxonomy":"post_tag","embeddable":true,"href":"https:\/\/adric-interculturel.com\/discriminations\/wp-json\/wp\/v2\/tags?post=478"}],"curies":[{"name":"wp","href":"https:\/\/api.w.org\/{rel}","templated":true}]}}